{"id":209,"date":"2019-01-04T13:33:06","date_gmt":"2019-01-04T12:33:06","guid":{"rendered":"https:\/\/claudia.co.at\/sbg\/?p=209"},"modified":"2019-01-04T13:36:37","modified_gmt":"2019-01-04T12:36:37","slug":"universitatsbibliothek","status":"publish","type":"post","link":"https:\/\/claudia.co.at\/sbg\/universitatsbibliothek\/","title":{"rendered":"Universit\u00e4tsbibliothek"},"content":{"rendered":"<div class=\"content\">\n<div class=\"field field-name-body field-type-text-with-summary field-label-hidden\">\n<div class=\"field-items\">\n<div class=\"field-item even\">\n<h2>Geschichtliches<\/h2>\n<p>Die erste Bibliothek in diesem Geb\u00e4ude gab es bereits vor Gr\u00fcndung der Universit\u00e4t. Sie war in den ersten Teil des Geb\u00e4udes, dem Kollegium, das f\u00fcr das Kirchliche Gymnasium gebaut wurde integriert.<br \/>\nDiese kirchliche Gymnasium war Vorg\u00e4nger der heutigen Universit\u00e4t.<\/p>\n<p>Als das Aula- Geb\u00e4ude nach Gr\u00fcndung der Universit\u00e4t <span class=\"n2\">1622<\/span> dazu gebaut wurde (<span class=\"n2\">1630\/ 31<\/span>) wurde die Universit\u00e4tsbibliothek in das Aula- Geb\u00e4ude verlegt.<br \/>\nDer damalige B\u00fccherbestand war jedoch noch sehr bescheiden.<\/p>\n<p>Eine gro\u00dfe Erweiterung ihres Bestandes erfuhr die Bibliothek <span class=\"n2\">1649<\/span> durch den Ankauf der &#8220;Christoph-Besold-Bibliothek&#8221; <sup><a title=\"Christoph Besold, 1577-1638; Professor der Rechte an der Universit\u00e4t T\u00fcbingen, sp\u00e4ter in Ingolstadt t\u00e4tig\" href=\"http:\/\/www2.c-l-a-u-d-i-a.at\/plus\/altstadt\/alte-universitaet\/bibliothek.htm#besold\">1<\/a><\/sup>.<br \/>\nZur selben Zeit lies der damalige Rektor einen eigenen Bibliothekssaal errichten.<\/p>\n<p><span class=\"n2\">1793<\/span> wurde die Bibliothek in den neuen Hofstallgassen-Trakt verlegt, wo sie auch nach der Wiederbegr\u00fcndung (1962) blieb.<br \/>\nDer damalige Buch- Bestand betrug etwa 12.000 B\u00e4nde.<\/p>\n<p><span class=\"n2\">1807<\/span> erhielt die Universit\u00e4tsbibliothek durch S\u00e4kularisierung des Erzstiftes mit den Best\u00e4nden der erzbisch\u00f6flichen Hofbibliothek einen Wertvollen Zuwachs:<\/p>\n<ul>\n<li>wertvolle Handschriften<\/li>\n<li>Drucke<\/li>\n<li>Graphiken<\/li>\n<\/ul>\n<p>Diese Bibliothek blieb auch nach Aufl\u00f6sung der Universit\u00e4t <span class=\"n2\">1810<\/span> bestehen. Zuerst als &#8220;Lyzealbibliothek&#8221;, ab 1926 &#8220;Salzburger als Studienbibliothek&#8221;.<\/p>\n<p><span class=\"n2\">1962<\/span> wurde die Universit\u00e4t neugegr\u00fcndet.<br \/>\nDamals wurde die Bibliothek wieder in den Rang einer Universit\u00e4tsbibliothek erhoben und zur zentralen Universit\u00e4tsbibliothek gemacht.<br \/>\nDa sie in diesem Geb\u00e4udekomplex verbleiben sollte wurde f\u00fcr den erh\u00f6hten Platzbedarf der B\u00fccher in den 70er und 80er Jahren im Hof des Geb\u00e4udes ein 3-geschossiger B\u00fccherspeicher angelegt und zahlreiche weitere Umbauten vorgenommen.<\/p>\n<h2>Allgemeine Informationen<\/h2>\n<p>Die Bibliothek ist heute f\u00fcr alle ca. 12.000 Studenten der Universit\u00e4t aber auch f\u00fcr Nichtstudentische Leser zug\u00e4nglich kostenlos zug\u00e4nglich. Als Salzburger Landesbibliothek sammelt sie speziell Literatur zum Thema Salzburg.<\/p>\n<p>Sie beherbergt ca. 2 Mill. B\u00e4nde, dazu auch neue Medien (Disketten, Mikrofilme, CD-ROM etc.) und zahlreiche Sondersammlungen<\/p>\n<ul>\n<li>Graphiken (ca. 2000 Handzeichnungen und Graphiken)<\/li>\n<li>1054 Handschriften (zum Teil \u00e4lter sind als die Universit\u00e4t!)<\/li>\n<li>Inkunabelsammlung (4123 Wiegen- und Fr\u00fchdrucke)<\/li>\n<\/ul>\n<p>Nach Inkrafttreten des UOG 1975 wurden einige Fach- und Fakult\u00e4tsbibliotheken errichtet:<\/p>\n<ul>\n<li>1986 Fakult\u00e4tsbibliothek f\u00fcr Naturwissenschaften<\/li>\n<li>1989 Fachbibliothek f\u00fcr Gesellschaftswissenschaften<\/li>\n<li>1992 Fakult\u00e4tsbibliothek f\u00fcr Rechtswissenschaften<\/li>\n<li>1993 als Abteilungsbibliothek der FB f\u00fcr Rechtswissenschaften die<\/li>\n<li>Firmian-Salm-Haus-Bibliothek<\/li>\n<\/ul>\n<p><sup>1<\/sup> Christoph Besold, 1577-1638; Professor der Rechte an der Universit\u00e4t T\u00fcbingen, sp\u00e4ter in Ingolstadt t\u00e4tig<\/p>\n<\/div>\n<\/div>\n<\/div>\n<div class=\"field field-name-field-gebaeude field-type-taxonomy-term-reference field-label-above\">\n<div class=\"field-item even\">Geb\u00e4ude: Alte Uni<\/div>\n<\/div>\n<\/div>\n","protected":false},"excerpt":{"rendered":"<p>Geschichtliches Die erste Bibliothek in diesem Geb\u00e4ude gab es bereits vor Gr\u00fcndung der Universit\u00e4t. Sie war in den ersten Teil des Geb\u00e4udes, dem Kollegium, das f\u00fcr das Kirchliche Gymnasium gebaut wurde integriert. Diese kirchliche Gymnasium war Vorg\u00e4nger der heutigen Universit\u00e4t. Als das Aula- Geb\u00e4ude nach Gr\u00fcndung der Universit\u00e4t 1622 dazu gebaut wurde (1630\/ 31) wurde&#8230;<\/p>\n","protected":false},"author":1,"featured_media":0,"comment_status":"closed","ping_status":"closed","sticky":false,"template":"","format":"standard","meta":{"footnotes":""},"categories":[17],"tags":[],"class_list":["post-209","post","type-post","status-publish","format-standard","hentry","category-alte-universitat"],"_links":{"self":[{"href":"https:\/\/claudia.co.at\/sbg\/wp-json\/wp\/v2\/posts\/209","targetHints":{"allow":["GET"]}}],"collection":[{"href":"https:\/\/claudia.co.at\/sbg\/wp-json\/wp\/v2\/posts"}],"about":[{"href":"https:\/\/claudia.co.at\/sbg\/wp-json\/wp\/v2\/types\/post"}],"author":[{"embeddable":true,"href":"https:\/\/claudia.co.at\/sbg\/wp-json\/wp\/v2\/users\/1"}],"replies":[{"embeddable":true,"href":"https:\/\/claudia.co.at\/sbg\/wp-json\/wp\/v2\/comments?post=209"}],"version-history":[{"count":1,"href":"https:\/\/claudia.co.at\/sbg\/wp-json\/wp\/v2\/posts\/209\/revisions"}],"predecessor-version":[{"id":210,"href":"https:\/\/claudia.co.at\/sbg\/wp-json\/wp\/v2\/posts\/209\/revisions\/210"}],"wp:attachment":[{"href":"https:\/\/claudia.co.at\/sbg\/wp-json\/wp\/v2\/media?parent=209"}],"wp:term":[{"taxonomy":"category","embeddable":true,"href":"https:\/\/claudia.co.at\/sbg\/wp-json\/wp\/v2\/categories?post=209"},{"taxonomy":"post_tag","embeddable":true,"href":"https:\/\/claudia.co.at\/sbg\/wp-json\/wp\/v2\/tags?post=209"}],"curies":[{"name":"wp","href":"https:\/\/api.w.org\/{rel}","templated":true}]}}